{"id":4666,"global_id":"kulturnidom.it\/wp?id=4666","global_id_lineage":["kulturnidom.it\/wp?id=4666"],"author":"990003","status":"publish","date":"2024-03-28 11:48:53","date_utc":"2024-03-28 10:48:53","modified":"2024-03-28 11:59:10","modified_utc":"2024-03-28 10:59:10","url":"https:\/\/kulturnidom.it\/wp\/evento\/18-03-mariam\/?lang=it","rest_url":"https:\/\/kulturnidom.it\/wp\/wp-json\/tribe\/events\/v1\/events\/4666","title":"18.03 &#8211; Mariam","description":"<p>Il libro delle\u00a0<strong>18.03<\/strong> \u2013 Autrice <strong>Antonella SBUELZ<\/strong>.<\/p>\n<p>28 giugno 1940. L&#8217;Italia \u00e8 appena entrata in guerra. A bordo di un trimotore italiano viaggia l&#8217;uomo pi\u00f9 potente della Libia, gi\u00e0 diventato leggenda. Pi\u00f9 in basso, nel deserto, una ragazza a cavallo, in fuga da obblighi e violenza, ne segue il volo con lo sguardo. Ma l&#8217;aereo non giunger\u00e0 mai a destinazione: un&#8217;esplosione incendia il cielo di Tobruk. Un semplice incidente o si nasconde altro, dietro la morte dell&#8217;unico gerarca che abbia osato sfidare Mussolini? E chi \u00e8 l&#8217;uomo che qualche anno pi\u00f9 tardi cerca vendetta tra le vie di Roma, appena dichiarata citt\u00e0 aperta? Mariam ripercorre ombre e chiaroscuri del colonialismo italiano in Libia, rievocandone i protagonisti, le atmosfere, i grandi eventi e i dettagli nascosti nelle pieghe della Storia. E narra la vita di uomini e donne che, dal basso, osano ribellarsi a convenzioni e imposizioni.<\/p>\n<p><strong>Antonella Sbuelz<\/strong> Scrittrice e poetessa di Udine, \u00e8 autrice opere di poesia e narrativa tradotti in diversi Paesi e vincitori di numerosi premi: La ragazza di Chagall del 2018 il Premio FiuggiStoria, Raffaele Crovi, Raccontami la Storia e finalista al Premio Viareggio. Questa notte non torno del 2021 ha avuto il Premio Campiello Junior 2022, ha partecipato alla Selezione Premio Strega Ragazzi e Ragazze, \u00e8 stato finalista al Premio Minerva. Insegnante, conduce laboratori di scrittura creativa e collabora con le pagine culturali del Messaggero Veneto.<\/p>\n<p>Dialoga con l\u2019autrice <strong>Monica Delfabro<\/strong>, insegnante al Liceo classico Stellini di Udine<br \/>\nLe letture tenute da <strong>Valentina Verzegnassi<\/strong>, attrice di teatro.<\/p>\n<p><a href=\"https:\/\/www.illibrodelle1803.it\/\">https:\/\/www.illibrodelle1803.it\/<\/a><\/p>","excerpt":"","slug":"18-03-mariam","image":{"url":"https:\/\/kulturnidom.it\/wp\/wp-content\/uploads\/2024\/03\/mariam.jpg","id":4664,"extension":"jpg","width":536,"height":806,"filesize":32368,"sizes":{"medium":{"width":200,"height":300,"mime-type":"image\/jpeg","filesize":16145,"url":"https:\/\/kulturnidom.it\/wp\/wp-content\/uploads\/2024\/03\/mariam-200x300.jpg"},"thumbnail":{"width":150,"height":150,"mime-type":"image\/jpeg","filesize":7874,"url":"https:\/\/kulturnidom.it\/wp\/wp-content\/uploads\/2024\/03\/mariam-150x150.jpg"},"post-thumbnail":{"width":370,"height":556,"mime-type":"image\/jpeg","filesize":38051,"url":"https:\/\/kulturnidom.it\/wp\/wp-content\/uploads\/2024\/03\/mariam-370x556.jpg"},"ostende-thumb-huge":{"width":536,"height":700,"mime-type":"image\/jpeg","filesize":59818,"url":"https:\/\/kulturnidom.it\/wp\/wp-content\/uploads\/2024\/03\/mariam-536x700.jpg"},"ostende-thumb-big":{"width":536,"height":474,"mime-type":"image\/jpeg","filesize":45860,"url":"https:\/\/kulturnidom.it\/wp\/wp-content\/uploads\/2024\/03\/mariam-536x474.jpg"},"ostende-thumb-med":{"width":406,"height":228,"mime-type":"image\/jpeg","filesize":19550,"url":"https:\/\/kulturnidom.it\/wp\/wp-content\/uploads\/2024\/03\/mariam-406x228.jpg"},"ostende-thumb-tiny":{"width":120,"height":120,"mime-type":"image\/jpeg","filesize":5753,"url":"https:\/\/kulturnidom.it\/wp\/wp-content\/uploads\/2024\/03\/mariam-120x120.jpg"},"ostende-thumb-masonry":{"width":406,"height":611,"mime-type":"image\/jpeg","filesize":43426,"url":"https:\/\/kulturnidom.it\/wp\/wp-content\/uploads\/2024\/03\/mariam-406x611.jpg"},"ostende-thumb-extra-big":{"width":406,"height":467,"mime-type":"image\/jpeg","filesize":34089,"url":"https:\/\/kulturnidom.it\/wp\/wp-content\/uploads\/2024\/03\/mariam-406x467.jpg"},"ostende-thumb-extra-height":{"width":297,"height":400,"mime-type":"image\/jpeg","filesize":26270,"url":"https:\/\/kulturnidom.it\/wp\/wp-content\/uploads\/2024\/03\/mariam-297x400.jpg"},"trx_addons-thumb-small":{"width":270,"height":152,"mime-type":"image\/jpeg","filesize":11232,"url":"https:\/\/kulturnidom.it\/wp\/wp-content\/uploads\/2024\/03\/mariam-270x152.jpg"},"trx_addons-thumb-portrait":{"width":370,"height":493,"mime-type":"image\/jpeg","filesize":36351,"url":"https:\/\/kulturnidom.it\/wp\/wp-content\/uploads\/2024\/03\/mariam-370x493.jpg"},"trx_addons-thumb-avatar":{"width":370,"height":370,"mime-type":"image\/jpeg","filesize":28907,"url":"https:\/\/kulturnidom.it\/wp\/wp-content\/uploads\/2024\/03\/mariam-370x370.jpg"}}},"all_day":false,"start_date":"2024-04-10 18:03:00","start_date_details":{"year":"2024","month":"04","day":"10","hour":"18","minutes":"03","seconds":"00"},"end_date":"2024-04-10 19:03:00","end_date_details":{"year":"2024","month":"04","day":"10","hour":"19","minutes":"03","seconds":"00"},"utc_start_date":"2024-04-10 16:03:00","utc_start_date_details":{"year":"2024","month":"04","day":"10","hour":"16","minutes":"03","seconds":"00"},"utc_end_date":"2024-04-10 17:03:00","utc_end_date_details":{"year":"2024","month":"04","day":"10","hour":"17","minutes":"03","seconds":"00"},"timezone":"Europe\/Rome","timezone_abbr":"CEST","cost":"","cost_details":{"currency_symbol":"","currency_code":"","currency_position":"","values":[]},"website":"https:\/\/www.illibrodelle1803.it\/","show_map":true,"show_map_link":true,"hide_from_listings":false,"sticky":false,"featured":false,"categories":[{"name":"18.03","slug":"18-03-it","term_group":0,"term_taxonomy_id":74,"taxonomy":"tribe_events_cat","description":"","parent":57,"count":15,"filter":"raw","id":74,"urls":{"self":"https:\/\/kulturnidom.it\/wp\/wp-json\/tribe\/events\/v1\/categories\/74","collection":"https:\/\/kulturnidom.it\/wp\/wp-json\/tribe\/events\/v1\/categories","up":"https:\/\/kulturnidom.it\/wp\/wp-json\/tribe\/events\/v1\/categories\/57"}}],"tags":[{"name":"illibrodelle1803","slug":"illibrodelle1803-it","term_group":0,"term_taxonomy_id":138,"taxonomy":"post_tag","description":"","parent":0,"count":2,"filter":"raw","id":138,"urls":{"self":"https:\/\/kulturnidom.it\/wp\/wp-json\/tribe\/events\/v1\/tags\/138","collection":"https:\/\/kulturnidom.it\/wp\/wp-json\/tribe\/events\/v1\/tags"}}],"venue":{"id":1937,"author":"990003","status":"publish","date":"2022-02-28 12:02:40","date_utc":"2022-02-28 11:02:40","modified":"2023-08-29 12:56:27","modified_utc":"2023-08-29 10:56:27","url":"https:\/\/kulturnidom.it\/wp\/prizorisce\/kulturni-dom\/","venue":"Kulturni dom","slug":"kulturni-dom","address":"ul. Brass 20","city":"Gorica","country":"Italy","state":"IL","zip":"34170","phone":"+39 0481 33288","website":"https:\/\/kulturnidom.it","json_ld":{"@type":"Place","name":"Kulturni dom","description":"","url":"","address":{"@type":"PostalAddress","streetAddress":"ul. Brass 20","addressLocality":"Gorica","postalCode":"34170","addressCountry":"Italy"},"telephone":"+39 0481 33288","sameAs":"https:\/\/kulturnidom.it"},"show_map":true,"show_map_link":true,"global_id":"kulturnidom.it\/wp?id=1937","global_id_lineage":["kulturnidom.it\/wp?id=1937"]},"organizer":[{"id":4106,"author":"990003","status":"publish","date":"2023-10-13 11:17:27","date_utc":"2023-10-13 09:17:27","modified":"2023-10-13 11:17:27","modified_utc":"2023-10-13 09:17:27","url":"https:\/\/kulturnidom.it\/wp\/organizator\/il-libro-delle-18-03\/","organizer":"Il Libro delle 18.03","description":"<p>Kulturno zdru\u017eenje Il Libro delle 18.03<\/p>\n<p>ul. Mattioli 30, 34170 Gorica<\/p>","slug":"il-libro-delle-18-03","image":{"url":"https:\/\/kulturnidom.it\/wp\/wp-content\/uploads\/2023\/10\/Logo_libro_18_03_piccolo.jpg","id":4107,"extension":"jpg","width":709,"height":266,"filesize":619651,"sizes":{"medium":{"width":300,"height":113,"mime-type":"image\/jpeg","filesize":593023,"url":"https:\/\/kulturnidom.it\/wp\/wp-content\/uploads\/2023\/10\/Logo_libro_18_03_piccolo-300x113.jpg"},"thumbnail":{"width":150,"height":150,"mime-type":"image\/jpeg","filesize":588195,"url":"https:\/\/kulturnidom.it\/wp\/wp-content\/uploads\/2023\/10\/Logo_libro_18_03_piccolo-150x150.jpg"},"post-thumbnail":{"width":370,"height":139,"mime-type":"image\/jpeg","filesize":596464,"url":"https:\/\/kulturnidom.it\/wp\/wp-content\/uploads\/2023\/10\/Logo_libro_18_03_piccolo-370x139.jpg"},"ostende-thumb-med":{"width":406,"height":228,"mime-type":"image\/jpeg","filesize":602582,"url":"https:\/\/kulturnidom.it\/wp\/wp-content\/uploads\/2023\/10\/Logo_libro_18_03_piccolo-406x228.jpg"},"ostende-thumb-tiny":{"width":120,"height":120,"mime-type":"image\/jpeg","filesize":586102,"url":"https:\/\/kulturnidom.it\/wp\/wp-content\/uploads\/2023\/10\/Logo_libro_18_03_piccolo-120x120.jpg"},"ostende-thumb-masonry":{"width":406,"height":152,"mime-type":"image\/jpeg","filesize":598849,"url":"https:\/\/kulturnidom.it\/wp\/wp-content\/uploads\/2023\/10\/Logo_libro_18_03_piccolo-406x152.jpg"},"ostende-thumb-extra-big":{"width":406,"height":266,"mime-type":"image\/jpeg","filesize":605886,"url":"https:\/\/kulturnidom.it\/wp\/wp-content\/uploads\/2023\/10\/Logo_libro_18_03_piccolo-406x266.jpg"},"ostende-thumb-extra-height":{"width":297,"height":266,"mime-type":"image\/jpeg","filesize":599211,"url":"https:\/\/kulturnidom.it\/wp\/wp-content\/uploads\/2023\/10\/Logo_libro_18_03_piccolo-297x266.jpg"},"trx_addons-thumb-small":{"width":270,"height":152,"mime-type":"image\/jpeg","filesize":593783,"url":"https:\/\/kulturnidom.it\/wp\/wp-content\/uploads\/2023\/10\/Logo_libro_18_03_piccolo-270x152.jpg"},"trx_addons-thumb-portrait":{"width":370,"height":266,"mime-type":"image\/jpeg","filesize":603588,"url":"https:\/\/kulturnidom.it\/wp\/wp-content\/uploads\/2023\/10\/Logo_libro_18_03_piccolo-370x266.jpg"},"trx_addons-thumb-avatar":{"width":370,"height":266,"mime-type":"image\/jpeg","filesize":603588,"url":"https:\/\/kulturnidom.it\/wp\/wp-content\/uploads\/2023\/10\/Logo_libro_18_03_piccolo-370x266.jpg"}}},"phone":"+39 331 769 69 85","website":"http:\/\/www.illibrodelle1803.it\/","email":"info@illibrodelle1803.it","json_ld":{"@type":"Person","name":"Il Libro delle 18.03","description":"&lt;p&gt;Kulturno zdru\u017eenje Il Libro delle 18.03 ul. Mattioli 30, 34170 Gorica&lt;\/p&gt;\\n","image":"https:\/\/kulturnidom.it\/wp\/wp-content\/uploads\/2023\/10\/Logo_libro_18_03_piccolo.jpg","url":"http:\/\/www.illibrodelle1803.it\/","telephone":"+39 331 769 69 85","email":"inf&#111;&#64;i&#108;&#108;&#105;&#98;rode&#108;l&#101;&#49;&#56;0&#51;.&#105;t","sameAs":"http:\/\/www.illibrodelle1803.it\/"},"global_id":"kulturnidom.it\/wp?id=4106","global_id_lineage":["kulturnidom.it\/wp?id=4106"]}],"json_ld":{"@context":"http:\/\/schema.org","@type":"Event","name":"18.03 &#8211; Mariam","description":"&lt;p&gt;Il libro delle\u00a018.03 \u2013 Autrice Antonella SBUELZ. 28 giugno 1940. L\\'Italia \u00e8 appena entrata in guerra. A bordo di un trimotore italiano viaggia l\\'uomo pi\u00f9 potente della Libia, gi\u00e0 diventato leggenda. Pi\u00f9 in basso, nel&hellip;&lt;\/p&gt;\\n","image":"https:\/\/kulturnidom.it\/wp\/wp-content\/uploads\/2024\/03\/mariam.jpg","url":"https:\/\/kulturnidom.it\/wp\/evento\/18-03-mariam\/?lang=it%2F\/","eventAttendanceMode":"https:\/\/schema.org\/OfflineEventAttendanceMode","eventStatus":"https:\/\/schema.org\/EventScheduled","startDate":"2024-04-10T18:03:00+02:00","endDate":"2024-04-10T19:03:00+02:00","location":{"@type":"Place","name":"Kulturni dom","description":"","url":"","address":{"@type":"PostalAddress","streetAddress":"ul. Brass 20","addressLocality":"Gorica","postalCode":"34170","addressCountry":"Italy"},"telephone":"+39 0481 33288","sameAs":"https:\/\/kulturnidom.it"},"organizer":{"@type":"Person","name":"Il Libro delle 18.03","description":"&lt;p&gt;Kulturno zdru\u017eenje Il Libro delle 18.03 ul. Mattioli 30, 34170 Gorica&lt;\/p&gt;\\n","image":"https:\/\/kulturnidom.it\/wp\/wp-content\/uploads\/2023\/10\/Logo_libro_18_03_piccolo.jpg","url":"http:\/\/www.illibrodelle1803.it\/","telephone":"+39 331 769 69 85","email":"i&#110;&#102;&#111;&#64;&#105;&#108;&#108;&#105;&#98;rod&#101;l&#108;&#101;&#49;8&#48;3.&#105;&#116;","sameAs":"http:\/\/www.illibrodelle1803.it\/"},"performer":"Organization"}}