{"id":4942,"global_id":"kulturnidom.it\/wp?id=4942","global_id_lineage":["kulturnidom.it\/wp?id=4942"],"author":"990003","status":"publish","date":"2024-07-23 10:36:08","date_utc":"2024-07-23 08:36:08","modified":"2024-07-23 10:41:36","modified_utc":"2024-07-23 08:41:36","url":"https:\/\/kulturnidom.it\/wp\/evento\/per-aspera-ad-astra-preckanja-sconfinamenti\/","rest_url":"https:\/\/kulturnidom.it\/wp\/wp-json\/tribe\/events\/v1\/events\/4942","title":"PER ASPERA AD ASTRA &#8211; Pre\u010dkanja\/Sconfinamenti","description":"<div class=\"xdj266r x11i5rnm xat24cr x1mh8g0r x1vvkbs\">Festival Pre\u010dkanja \u2013 Sconfinamenti<\/div>\n<div class=\"xdj266r x11i5rnm xat24cr x1mh8g0r x1vvkbs\">Koncert udele\u017eencev klavirskega mojstrskega te\u010daja<\/div>\n<div class=\"xdj266r x11i5rnm xat24cr x1mh8g0r x1vvkbs\"><br class=\"html-br\" \/>Angela Chen\u00a0<br class=\"html-br\" \/>Jukichio Yokota\u00a0<br class=\"html-br\" \/>Daisuke Yagi\u00a0<br class=\"html-br\" \/>Mattia Fusi\u00a0<br class=\"html-br\" \/>Sergio Scibilia\u00a0<br class=\"html-br\" \/>Lian Pucihar\u00a0<br class=\"html-br\" \/>David Irimescu\u00a0<br class=\"html-br\" \/>Maor Sivan\u00a0<br class=\"html-br\" \/>Manuel Cicero\u00a0<br class=\"html-br\" \/>Oksana Oposhnian\u00a0<br class=\"html-br\" \/>Riccardo Burato\u00a0<br class=\"html-br\" \/>Paola Possamai\u00a0<br class=\"html-br\" \/>Mak Muni Mihevc<\/div>\n<div><\/div>\n<div class=\"x11i5rnm xat24cr x1mh8g0r x1vvkbs xtlvy1s\">Kakovosten nabor poustvarjalcev, ki se je prebil skozi proces izbora za klavirski mojstrski te\u010daj Alexandra Gadjieva, obeta odli\u010dne koncerte udele\u017eencev. Izjemni mladi glasbeniki so svoje igranje nadgradili pod vodstvom enega najslavnej\u0161ih svetovnih pianistov.<\/div>\n<div><\/div>\n<div class=\"x11i5rnm xat24cr x1mh8g0r x1vvkbs xtlvy1s\">Alexander Gadjiev: \u00bbKoncertna igra razvija stik z delovnim svetom in omogo\u010da raziskovanje interpretacije v razli\u010dnih kontekstih, kar vodi do iskanja lastnega individualnega glasu, ki se manifestira na odru v situaciji \u010dustev in intenzivnosti koncentracije.\u00ab<\/div>\n<div><\/div>\n<div class=\"x11i5rnm xat24cr x1mh8g0r x1vvkbs xtlvy1s\">Prost vstop<\/div>\n<div><\/div>\n<div>Projekt Festival Pre\u010dkanja \u2013 Sconfinamenti financira Evropska unija iz Sklada za male projekte GO! 2025 programa Interreg VI-A Italija-Slovenija 2021-2027, ki ga upravlja EZTS GO.<\/div>","excerpt":"","slug":"per-aspera-ad-astra-preckanja-sconfinamenti","image":{"url":"https:\/\/kulturnidom.it\/wp\/wp-content\/uploads\/2024\/07\/Preckanja-1.jpg","id":4943,"extension":"jpg","width":2048,"height":1365,"filesize":313751,"sizes":{"medium":{"width":300,"height":200,"mime-type":"image\/jpeg","filesize":18751,"url":"https:\/\/kulturnidom.it\/wp\/wp-content\/uploads\/2024\/07\/Preckanja-1-300x200.jpg"},"large":{"width":1024,"height":683,"mime-type":"image\/jpeg","filesize":120055,"url":"https:\/\/kulturnidom.it\/wp\/wp-content\/uploads\/2024\/07\/Preckanja-1-1024x683.jpg"},"thumbnail":{"width":150,"height":150,"mime-type":"image\/jpeg","filesize":9033,"url":"https:\/\/kulturnidom.it\/wp\/wp-content\/uploads\/2024\/07\/Preckanja-1-150x150.jpg"},"medium_large":{"width":768,"height":512,"mime-type":"image\/jpeg","filesize":74938,"url":"https:\/\/kulturnidom.it\/wp\/wp-content\/uploads\/2024\/07\/Preckanja-1-768x512.jpg"},"1536x1536":{"width":1536,"height":1024,"mime-type":"image\/jpeg","filesize":246684,"url":"https:\/\/kulturnidom.it\/wp\/wp-content\/uploads\/2024\/07\/Preckanja-1-1536x1024.jpg"},"post-thumbnail":{"width":370,"height":247,"mime-type":"image\/jpeg","filesize":25616,"url":"https:\/\/kulturnidom.it\/wp\/wp-content\/uploads\/2024\/07\/Preckanja-1-370x247.jpg"},"ostende-thumb-huge":{"width":1278,"height":700,"mime-type":"image\/jpeg","filesize":149925,"url":"https:\/\/kulturnidom.it\/wp\/wp-content\/uploads\/2024\/07\/Preckanja-1-1278x700.jpg"},"ostende-thumb-big":{"width":842,"height":474,"mime-type":"image\/jpeg","filesize":76380,"url":"https:\/\/kulturnidom.it\/wp\/wp-content\/uploads\/2024\/07\/Preckanja-1-842x474.jpg"},"ostende-thumb-med":{"width":406,"height":228,"mime-type":"image\/jpeg","filesize":25487,"url":"https:\/\/kulturnidom.it\/wp\/wp-content\/uploads\/2024\/07\/Preckanja-1-406x228.jpg"},"ostende-thumb-tiny":{"width":120,"height":120,"mime-type":"image\/jpeg","filesize":6610,"url":"https:\/\/kulturnidom.it\/wp\/wp-content\/uploads\/2024\/07\/Preckanja-1-120x120.jpg"},"ostende-thumb-masonry-big":{"width":812,"height":541,"mime-type":"image\/jpeg","filesize":82284,"url":"https:\/\/kulturnidom.it\/wp\/wp-content\/uploads\/2024\/07\/Preckanja-1-812x541.jpg"},"ostende-thumb-masonry":{"width":406,"height":271,"mime-type":"image\/jpeg","filesize":29066,"url":"https:\/\/kulturnidom.it\/wp\/wp-content\/uploads\/2024\/07\/Preckanja-1-406x271.jpg"},"ostende-thumb-extra-big":{"width":406,"height":467,"mime-type":"image\/jpeg","filesize":41563,"url":"https:\/\/kulturnidom.it\/wp\/wp-content\/uploads\/2024\/07\/Preckanja-1-406x467.jpg"},"ostende-thumb-extra-height":{"width":297,"height":400,"mime-type":"image\/jpeg","filesize":28395,"url":"https:\/\/kulturnidom.it\/wp\/wp-content\/uploads\/2024\/07\/Preckanja-1-297x400.jpg"},"trx_addons-thumb-small":{"width":270,"height":152,"mime-type":"image\/jpeg","filesize":14052,"url":"https:\/\/kulturnidom.it\/wp\/wp-content\/uploads\/2024\/07\/Preckanja-1-270x152.jpg"},"trx_addons-thumb-portrait":{"width":370,"height":493,"mime-type":"image\/jpeg","filesize":39536,"url":"https:\/\/kulturnidom.it\/wp\/wp-content\/uploads\/2024\/07\/Preckanja-1-370x493.jpg"},"trx_addons-thumb-avatar":{"width":370,"height":370,"mime-type":"image\/jpeg","filesize":33424,"url":"https:\/\/kulturnidom.it\/wp\/wp-content\/uploads\/2024\/07\/Preckanja-1-370x370.jpg"}}},"all_day":false,"start_date":"2024-07-29 20:30:00","start_date_details":{"year":"2024","month":"07","day":"29","hour":"20","minutes":"30","seconds":"00"},"end_date":"2024-07-29 22:00:00","end_date_details":{"year":"2024","month":"07","day":"29","hour":"22","minutes":"00","seconds":"00"},"utc_start_date":"2024-07-29 18:30:00","utc_start_date_details":{"year":"2024","month":"07","day":"29","hour":"18","minutes":"30","seconds":"00"},"utc_end_date":"2024-07-29 20:00:00","utc_end_date_details":{"year":"2024","month":"07","day":"29","hour":"20","minutes":"00","seconds":"00"},"timezone":"Europe\/Rome","timezone_abbr":"CEST","cost":"","cost_details":{"currency_symbol":"","currency_code":"","currency_position":"","values":[]},"website":"https:\/\/imagosloveniae.net\/dogodek\/per-aspera-ad-astra-koncert-udelezencev-mojstrskega-tecaja-alexandra-gadjieva\/","show_map":true,"show_map_link":true,"hide_from_listings":false,"sticky":false,"featured":false,"categories":[{"name":"Koncerti","slug":"koncerti","term_group":0,"term_taxonomy_id":48,"taxonomy":"tribe_events_cat","description":"","parent":0,"count":67,"filter":"raw","id":48,"urls":{"self":"https:\/\/kulturnidom.it\/wp\/wp-json\/tribe\/events\/v1\/categories\/48","collection":"https:\/\/kulturnidom.it\/wp\/wp-json\/tribe\/events\/v1\/categories"}}],"tags":[],"venue":{"id":1937,"author":"990003","status":"publish","date":"2022-02-28 12:02:40","date_utc":"2022-02-28 11:02:40","modified":"2023-08-29 12:56:27","modified_utc":"2023-08-29 10:56:27","url":"https:\/\/kulturnidom.it\/wp\/prizorisce\/kulturni-dom\/","venue":"Kulturni dom","slug":"kulturni-dom","address":"ul. Brass 20","city":"Gorica","country":"Italy","state":"IL","zip":"34170","phone":"+39 0481 33288","website":"https:\/\/kulturnidom.it","json_ld":{"@type":"Place","name":"Kulturni dom","description":"","url":"","address":{"@type":"PostalAddress","streetAddress":"ul. Brass 20","addressLocality":"Gorica","postalCode":"34170","addressCountry":"Italy"},"telephone":"+39 0481 33288","sameAs":"https:\/\/kulturnidom.it"},"show_map":true,"show_map_link":true,"global_id":"kulturnidom.it\/wp?id=1937","global_id_lineage":["kulturnidom.it\/wp?id=1937"]},"organizer":[{"id":4937,"author":"990003","status":"publish","date":"2024-07-23 10:27:09","date_utc":"2024-07-23 08:27:09","modified":"2024-07-23 10:27:09","modified_utc":"2024-07-23 08:27:09","url":"https:\/\/kulturnidom.it\/wp\/organizator\/imago-sloveniae\/","organizer":"Imago Sloveniae","slug":"imago-sloveniae","phone":"+38612416600","website":"https:\/\/imagosloveniae.net\/","email":"imago@siol.net","json_ld":{"@type":"Person","name":"Imago Sloveniae","description":"","url":"https:\/\/imagosloveniae.net\/","telephone":"+38612416600","email":"ima&#103;o&#64;si&#111;&#108;.&#110;e&#116;","sameAs":"https:\/\/imagosloveniae.net\/"},"global_id":"kulturnidom.it\/wp?id=4937","global_id_lineage":["kulturnidom.it\/wp?id=4937"]}],"json_ld":{"@context":"http:\/\/schema.org","@type":"Event","name":"PER ASPERA AD ASTRA &#8211; Pre\u010dkanja\/Sconfinamenti","description":"&lt;p&gt;Festival Pre\u010dkanja \u2013 Sconfinamenti Koncert udele\u017eencev klavirskega mojstrskega te\u010daja Angela Chen\u00a0Jukichio Yokota\u00a0Daisuke Yagi\u00a0Mattia Fusi\u00a0Sergio Scibilia\u00a0Lian Pucihar\u00a0David Irimescu\u00a0Maor Sivan\u00a0Manuel Cicero\u00a0Oksana Oposhnian\u00a0Riccardo Burato\u00a0Paola Possamai\u00a0Mak Muni Mihevc Kakovosten nabor poustvarjalcev, ki se je prebil skozi proces izbora za&hellip;&lt;\/p&gt;\\n","image":"https:\/\/kulturnidom.it\/wp\/wp-content\/uploads\/2024\/07\/Preckanja-1.jpg","url":"https:\/\/kulturnidom.it\/wp\/evento\/per-aspera-ad-astra-preckanja-sconfinamenti\/","eventAttendanceMode":"https:\/\/schema.org\/OfflineEventAttendanceMode","eventStatus":"https:\/\/schema.org\/EventScheduled","startDate":"2024-07-29T20:30:00+02:00","endDate":"2024-07-29T22:00:00+02:00","location":{"@type":"Place","name":"Kulturni dom","description":"","url":"","address":{"@type":"PostalAddress","streetAddress":"ul. Brass 20","addressLocality":"Gorica","postalCode":"34170","addressCountry":"Italy"},"telephone":"+39 0481 33288","sameAs":"https:\/\/kulturnidom.it"},"organizer":{"@type":"Person","name":"Imago Sloveniae","description":"","url":"https:\/\/imagosloveniae.net\/","telephone":"+38612416600","email":"&#105;ma&#103;&#111;&#64;&#115;i&#111;l&#46;n&#101;t","sameAs":"https:\/\/imagosloveniae.net\/"},"performer":"Organization"}}