{"id":5599,"global_id":"kulturnidom.it\/wp?id=5599","global_id_lineage":["kulturnidom.it\/wp?id=5599"],"author":"990003","status":"publish","date":"2025-02-27 15:50:40","date_utc":"2025-02-27 14:50:40","modified":"2025-02-27 15:52:30","modified_utc":"2025-02-27 14:52:30","url":"https:\/\/kulturnidom.it\/wp\/evento\/od-barja-do-morja-fotografska-razstava\/?lang=it","rest_url":"https:\/\/kulturnidom.it\/wp\/wp-json\/tribe\/events\/v1\/events\/5599","title":"Od barja do morja &#8211; mostra fotografica","description":"<p class=\"western\" lang=\"sl-SI\" align=\"justify\"><span style=\"font-family: Arial Narrow, sans-serif;\"><span style=\"font-size: medium;\"><strong>FRANKO MLADEN<\/strong> &#8211; Salcano<\/span><\/span><\/p>\n<p class=\"western\" align=\"justify\">\u201c<span style=\"font-family: Arial Narrow, sans-serif;\"><b>Od barja do morja\u201d (Dalla palude al mare)<\/b><\/span><\/p>\n<p class=\"western\" align=\"justify\"><span style=\"font-family: Arial Narrow, sans-serif;\">La presentazione dell&#8217;artista sar\u00e0 affidata al giornalista e scrittore goriziano <strong>Andrea Bellavite<\/strong> e al fotografo sloveno <strong>Miha Godec<\/strong>.<\/span><\/p>\n<p class=\"western\" align=\"justify\"><span style=\"font-family: Arial Narrow, sans-serif;\">Mladen Franko (1958) di Salcano ha trascorso l&#8217;infanzia lungo il fiume Isonzo e nella Selva di Tarnova, dove ha sviluppato un profondo legame con la natura. Ha studiato a Lubiana e successivamente negli Stati Uniti, dove ha conseguito il dottorato in analisi chimica tramite spettroscopia laser, avvicinandosi ulteriormente alla comprensione della luce, elemento fondamentale della fotografia.<\/span><\/p>\n<p class=\"western\" align=\"justify\"><span style=\"font-family: Arial Narrow, sans-serif;\">Ha iniziato a fotografare durante gli anni della scuola superiore, grazie al padre Matija, fotografo amatoriale. Durante gli studi si \u00e8 dedicato alla fotografia in bianco e nero, ispirandosi a Egon Ka\u0161e e Jaka Bregar. Successivamente, a causa degli studi post-laurea nei Paesi Bassi e in Giappone, ha messo da parte la fotografia, ma negli ultimi anni si \u00e8 riavvicinato a questa passione.<\/span><\/p>\n<p class=\"western\" align=\"justify\"><span style=\"font-family: Arial Narrow, sans-serif;\">Come fotografo amatoriale ha pubblicato su riviste come Ona, Ve\u010der e Knji\u017eenstvo (Serbia), ha contribuito con foto per TV Koper-Capodistria e ha illustrato libri di testo e materiale didattico sul tema della protezione ambientale. Dopo anni di lavoro all&#8217;Istituto Jo\u017eef Stefan di Ljubljana, con l\u2019apertura dell&#8217;Universit\u00e0 a Nova Gorica, \u00e8 tornato nella sua terra natale.<\/span><\/p>\n<p class=\"western\" align=\"justify\"><span style=\"font-family: Arial Narrow, sans-serif;\">La mostra racconta una storia di luoghi descritti dalle prime nebbie mattutine fino alle pi\u00f9 drammatiche tempeste, ma include anche paesaggi sereni, le gru, il Pian del Monte e le saline di Se\u010dovlje. Questi motivi simboleggiano il suo ritorno al mare e l&#8217;apertura a nuove sfide, una nuova tappa nella sua carriera.<\/span><\/p>\n<p class=\"western\" align=\"justify\"><span style=\"font-family: Arial Narrow, sans-serif;\">La mostra, promossa dal Kulturni dom di Gorizia, dalla Fondazione Universit\u00e0 di Nova Gorica e dalla cooperativa culturale Maja di Gorizia, con il patrocino della Regione Friuli Venezia Giulia, dei Comuni di Gorizia e Nova Gorica (CEC 2025) e dell\u2019Unione culturale economica slovena (Skgz), rimarr\u00e0 aperta fino al 21 marzo 2025 con il seguente orario: dal luned\u00ec al venerd\u00ec dalle ore 9.30 alle 12.30 e dalle 15.30 alle 18.00 e nelle ore serali durante le varie manifestazioni culturali.<\/span><\/p>","excerpt":"","slug":"od-barja-do-morja-fotografska-razstava","image":{"url":"https:\/\/kulturnidom.it\/wp\/wp-content\/uploads\/2025\/02\/Vabilo-Invito-Franko-Mladen-Od-barja-do-morja.jpg","id":5574,"extension":"jpg","width":2362,"height":2126,"filesize":308509,"sizes":{"medium":{"width":300,"height":270,"mime-type":"image\/jpeg","filesize":35162,"url":"https:\/\/kulturnidom.it\/wp\/wp-content\/uploads\/2025\/02\/Vabilo-Invito-Franko-Mladen-Od-barja-do-morja-300x270.jpg"},"large":{"width":1024,"height":922,"mime-type":"image\/jpeg","filesize":189657,"url":"https:\/\/kulturnidom.it\/wp\/wp-content\/uploads\/2025\/02\/Vabilo-Invito-Franko-Mladen-Od-barja-do-morja-1024x922.jpg"},"thumbnail":{"width":150,"height":150,"mime-type":"image\/jpeg","filesize":18596,"url":"https:\/\/kulturnidom.it\/wp\/wp-content\/uploads\/2025\/02\/Vabilo-Invito-Franko-Mladen-Od-barja-do-morja-150x150.jpg"},"medium_large":{"width":768,"height":691,"mime-type":"image\/jpeg","filesize":128185,"url":"https:\/\/kulturnidom.it\/wp\/wp-content\/uploads\/2025\/02\/Vabilo-Invito-Franko-Mladen-Od-barja-do-morja-768x691.jpg"},"1536x1536":{"width":1536,"height":1383,"mime-type":"image\/jpeg","filesize":324265,"url":"https:\/\/kulturnidom.it\/wp\/wp-content\/uploads\/2025\/02\/Vabilo-Invito-Franko-Mladen-Od-barja-do-morja-1536x1383.jpg"},"2048x2048":{"width":2048,"height":1843,"mime-type":"image\/jpeg","filesize":481832,"url":"https:\/\/kulturnidom.it\/wp\/wp-content\/uploads\/2025\/02\/Vabilo-Invito-Franko-Mladen-Od-barja-do-morja-2048x1843.jpg"},"post-thumbnail":{"width":370,"height":333,"mime-type":"image\/jpeg","filesize":46872,"url":"https:\/\/kulturnidom.it\/wp\/wp-content\/uploads\/2025\/02\/Vabilo-Invito-Franko-Mladen-Od-barja-do-morja-370x333.jpg"},"ostende-thumb-huge":{"width":1278,"height":700,"mime-type":"image\/jpeg","filesize":150057,"url":"https:\/\/kulturnidom.it\/wp\/wp-content\/uploads\/2025\/02\/Vabilo-Invito-Franko-Mladen-Od-barja-do-morja-1278x700.jpg"},"ostende-thumb-big":{"width":842,"height":474,"mime-type":"image\/jpeg","filesize":91411,"url":"https:\/\/kulturnidom.it\/wp\/wp-content\/uploads\/2025\/02\/Vabilo-Invito-Franko-Mladen-Od-barja-do-morja-842x474.jpg"},"ostende-thumb-med":{"width":406,"height":228,"mime-type":"image\/jpeg","filesize":36375,"url":"https:\/\/kulturnidom.it\/wp\/wp-content\/uploads\/2025\/02\/Vabilo-Invito-Franko-Mladen-Od-barja-do-morja-406x228.jpg"},"ostende-thumb-tiny":{"width":120,"height":120,"mime-type":"image\/jpeg","filesize":15548,"url":"https:\/\/kulturnidom.it\/wp\/wp-content\/uploads\/2025\/02\/Vabilo-Invito-Franko-Mladen-Od-barja-do-morja-120x120.jpg"},"ostende-thumb-masonry-big":{"width":812,"height":731,"mime-type":"image\/jpeg","filesize":138337,"url":"https:\/\/kulturnidom.it\/wp\/wp-content\/uploads\/2025\/02\/Vabilo-Invito-Franko-Mladen-Od-barja-do-morja-812x731.jpg"},"ostende-thumb-masonry":{"width":406,"height":365,"mime-type":"image\/jpeg","filesize":51174,"url":"https:\/\/kulturnidom.it\/wp\/wp-content\/uploads\/2025\/02\/Vabilo-Invito-Franko-Mladen-Od-barja-do-morja-406x365.jpg"},"ostende-thumb-extra-big":{"width":406,"height":467,"mime-type":"image\/jpeg","filesize":67088,"url":"https:\/\/kulturnidom.it\/wp\/wp-content\/uploads\/2025\/02\/Vabilo-Invito-Franko-Mladen-Od-barja-do-morja-406x467.jpg"},"ostende-thumb-extra-height":{"width":297,"height":400,"mime-type":"image\/jpeg","filesize":51393,"url":"https:\/\/kulturnidom.it\/wp\/wp-content\/uploads\/2025\/02\/Vabilo-Invito-Franko-Mladen-Od-barja-do-morja-297x400.jpg"},"trx_addons-thumb-small":{"width":270,"height":152,"mime-type":"image\/jpeg","filesize":23246,"url":"https:\/\/kulturnidom.it\/wp\/wp-content\/uploads\/2025\/02\/Vabilo-Invito-Franko-Mladen-Od-barja-do-morja-270x152.jpg"},"trx_addons-thumb-portrait":{"width":370,"height":493,"mime-type":"image\/jpeg","filesize":69356,"url":"https:\/\/kulturnidom.it\/wp\/wp-content\/uploads\/2025\/02\/Vabilo-Invito-Franko-Mladen-Od-barja-do-morja-370x493.jpg"},"trx_addons-thumb-avatar":{"width":370,"height":370,"mime-type":"image\/jpeg","filesize":49652,"url":"https:\/\/kulturnidom.it\/wp\/wp-content\/uploads\/2025\/02\/Vabilo-Invito-Franko-Mladen-Od-barja-do-morja-370x370.jpg"}}},"all_day":false,"start_date":"2025-03-05 18:00:00","start_date_details":{"year":"2025","month":"03","day":"05","hour":"18","minutes":"00","seconds":"00"},"end_date":"2025-03-05 19:00:00","end_date_details":{"year":"2025","month":"03","day":"05","hour":"19","minutes":"00","seconds":"00"},"utc_start_date":"2025-03-05 17:00:00","utc_start_date_details":{"year":"2025","month":"03","day":"05","hour":"17","minutes":"00","seconds":"00"},"utc_end_date":"2025-03-05 18:00:00","utc_end_date_details":{"year":"2025","month":"03","day":"05","hour":"18","minutes":"00","seconds":"00"},"timezone":"Europe\/Rome","timezone_abbr":"CET","cost":"","cost_details":{"currency_symbol":"$","currency_code":"USD","currency_position":"prefix","values":[]},"website":"","show_map":true,"show_map_link":true,"hide_from_listings":false,"sticky":false,"featured":false,"categories":[{"name":"Mostre","slug":"mostre","term_group":0,"term_taxonomy_id":56,"taxonomy":"tribe_events_cat","description":"","parent":0,"count":35,"filter":"raw","id":56,"urls":{"self":"https:\/\/kulturnidom.it\/wp\/wp-json\/tribe\/events\/v1\/categories\/56","collection":"https:\/\/kulturnidom.it\/wp\/wp-json\/tribe\/events\/v1\/categories"}}],"tags":[],"venue":{"id":1937,"author":"990003","status":"publish","date":"2022-02-28 12:02:40","date_utc":"2022-02-28 11:02:40","modified":"2023-08-29 12:56:27","modified_utc":"2023-08-29 10:56:27","url":"https:\/\/kulturnidom.it\/wp\/prizorisce\/kulturni-dom\/","venue":"Kulturni dom","slug":"kulturni-dom","address":"ul. Brass 20","city":"Gorica","country":"Italy","state":"IL","zip":"34170","phone":"+39 0481 33288","website":"https:\/\/kulturnidom.it","json_ld":{"@type":"Place","name":"Kulturni dom","description":"","url":"","address":{"@type":"PostalAddress","streetAddress":"ul. Brass 20","addressLocality":"Gorica","postalCode":"34170","addressCountry":"Italy"},"telephone":"+39 0481 33288","sameAs":"https:\/\/kulturnidom.it"},"show_map":true,"show_map_link":true,"global_id":"kulturnidom.it\/wp?id=1937","global_id_lineage":["kulturnidom.it\/wp?id=1937"]},"organizer":[{"id":1969,"author":"990002","status":"publish","date":"2022-02-28 14:35:28","date_utc":"2022-02-28 13:35:28","modified":"2023-04-05 09:09:40","modified_utc":"2023-04-05 07:09:40","url":"https:\/\/kulturnidom.it\/wp\/organizator\/kulturni-dom-gorica\/","organizer":"Kulturni dom","slug":"kulturni-dom-gorica","phone":"+39 0481 33288","website":"https:\/\/www.kulturnidom.it","email":"info@kulturnidom.it","json_ld":{"@type":"Person","name":"Kulturni dom","description":"","url":"https:\/\/www.kulturnidom.it","telephone":"+39 0481 33288","email":"&#105;&#110;fo&#64;k&#117;&#108;&#116;ur&#110;&#105;do&#109;.i&#116;","sameAs":"https:\/\/www.kulturnidom.it"},"global_id":"kulturnidom.it\/wp?id=1969","global_id_lineage":["kulturnidom.it\/wp?id=1969"]}],"json_ld":{"@context":"http:\/\/schema.org","@type":"Event","name":"Od barja do morja &#8211; mostra fotografica","description":"&lt;p&gt;FRANKO MLADEN - Salcano \u201cOd barja do morja\u201d (Dalla palude al mare) La presentazione dell\\'artista sar\u00e0 affidata al giornalista e scrittore goriziano Andrea Bellavite e al fotografo sloveno Miha Godec. Mladen Franko (1958) di Salcano&hellip;&lt;\/p&gt;\\n","image":"https:\/\/kulturnidom.it\/wp\/wp-content\/uploads\/2025\/02\/Vabilo-Invito-Franko-Mladen-Od-barja-do-morja.jpg","url":"https:\/\/kulturnidom.it\/wp\/evento\/od-barja-do-morja-fotografska-razstava\/?lang=it%2F\/","eventAttendanceMode":"https:\/\/schema.org\/OfflineEventAttendanceMode","eventStatus":"https:\/\/schema.org\/EventScheduled","startDate":"2025-03-05T18:00:00+01:00","endDate":"2025-03-05T19:00:00+01:00","location":{"@type":"Place","name":"Kulturni dom","description":"","url":"","address":{"@type":"PostalAddress","streetAddress":"ul. Brass 20","addressLocality":"Gorica","postalCode":"34170","addressCountry":"Italy"},"telephone":"+39 0481 33288","sameAs":"https:\/\/kulturnidom.it"},"organizer":{"@type":"Person","name":"Kulturni dom","description":"","url":"https:\/\/www.kulturnidom.it","telephone":"+39 0481 33288","email":"&#105;n&#102;o&#64;kul&#116;&#117;r&#110;i&#100;&#111;&#109;&#46;&#105;t","sameAs":"https:\/\/www.kulturnidom.it"},"performer":"Organization"}}