{"id":7125,"global_id":"kulturnidom.it\/wp?id=7125","global_id_lineage":["kulturnidom.it\/wp?id=7125"],"author":"990003","status":"publish","date":"2026-04-28 22:38:46","date_utc":"2026-04-28 20:38:46","modified":"2026-04-28 22:41:06","modified_utc":"2026-04-28 20:41:06","url":"https:\/\/kulturnidom.it\/wp\/evento\/v-svetu-petelinov-razstava\/?lang=it","rest_url":"https:\/\/kulturnidom.it\/wp\/wp-json\/tribe\/events\/v1\/events\/7125","title":"V svetu petelinov (Nel mondo dei galli) &#8211; mostra","description":"<p lang=\"sl-SI\" align=\"justify\"><strong>Mercoled\u00ec, 29aprile alle 18:00<\/strong><\/p>\n<p class=\"western\" align=\"justify\"><span style=\"color: #000000;\"><span style=\"font-family: Arial Narrow, sans-serif;\">L\u2019artista <strong>Drago \u0160umnik \u2013 Luka<\/strong>, ben noto soprattutto nella sua valle natale di \u0160ale\u0161ka ma anche pi\u00f9 ampiamente, crea in modo prolifico sin dal 1986. Il principio guida del suo lavoro \u00e8 la sperimentazione e la continua ricerca di nuovi approcci e motivi. Come pittore autodidatta, nel corso degli anni ha partecipato a numerosi workshop, colonie artistiche e percorsi formativi sotto la guida di vari rinomati mentori, tra cui dr. Jo\u017ee Muhovi\u010d, \u0160tefan Marflak, Veljko Toman e Ivana Andri\u0107 Todi\u0107. Il suo corpus di opere, che comprende astrazione, realismo e motivi sacri in diverse tecniche, lo definisce \u201cLuksismo\u201d. Per la sua attivit\u00e0 creativa ha ricevuto numerosi riconoscimenti, tra cui anche una targa del Comune di \u0160o\u0161tanj.<\/span><\/span><\/p>\n<p class=\"western\" align=\"justify\"><span style=\"color: #000000;\"><span style=\"font-family: Arial Narrow, sans-serif;\">La mostra, promossa dal Kulturni dom di Gorizia e dalla cooperativa culturale Maja di Gorizia (nell\u2019ambito del progetto \u201cCedermaci\u201d), con il patrocinio e il sostegno della Regione Friuli Venezia Giulia, rimarr\u00e0 aperta fino al 15 maggio 2026 con il <strong>seguente orario<\/strong>: dal luned\u00ec al venerd\u00ec dalle ore 9.30 alle 12.30 e dalle 15.30 alle 18.00, nonch\u00e9 nelle ore serali in occasione delle varie manifestazioni culturali.<\/span><\/span><\/p>","excerpt":"","slug":"v-svetu-petelinov-razstava","image":{"url":"https:\/\/kulturnidom.it\/wp\/wp-content\/uploads\/2026\/04\/Vabilo-Invito-Drago-Sumnik-Luka.jpg","id":7123,"extension":"jpg","width":2480,"height":2244,"filesize":500850,"sizes":{"medium":{"width":300,"height":271,"mime-type":"image\/jpeg","filesize":41341,"url":"https:\/\/kulturnidom.it\/wp\/wp-content\/uploads\/2026\/04\/Vabilo-Invito-Drago-Sumnik-Luka-300x271.jpg"},"large":{"width":1024,"height":927,"mime-type":"image\/jpeg","filesize":218525,"url":"https:\/\/kulturnidom.it\/wp\/wp-content\/uploads\/2026\/04\/Vabilo-Invito-Drago-Sumnik-Luka-1024x927.jpg"},"thumbnail":{"width":150,"height":150,"mime-type":"image\/jpeg","filesize":20988,"url":"https:\/\/kulturnidom.it\/wp\/wp-content\/uploads\/2026\/04\/Vabilo-Invito-Drago-Sumnik-Luka-150x150.jpg"},"medium_large":{"width":768,"height":695,"mime-type":"image\/jpeg","filesize":144420,"url":"https:\/\/kulturnidom.it\/wp\/wp-content\/uploads\/2026\/04\/Vabilo-Invito-Drago-Sumnik-Luka-768x695.jpg"},"1536x1536":{"width":1536,"height":1390,"mime-type":"image\/jpeg","filesize":377310,"url":"https:\/\/kulturnidom.it\/wp\/wp-content\/uploads\/2026\/04\/Vabilo-Invito-Drago-Sumnik-Luka-1536x1390.jpg"},"2048x2048":{"width":2048,"height":1853,"mime-type":"image\/jpeg","filesize":556196,"url":"https:\/\/kulturnidom.it\/wp\/wp-content\/uploads\/2026\/04\/Vabilo-Invito-Drago-Sumnik-Luka-2048x1853.jpg"},"post-thumbnail":{"width":370,"height":335,"mime-type":"image\/jpeg","filesize":53347,"url":"https:\/\/kulturnidom.it\/wp\/wp-content\/uploads\/2026\/04\/Vabilo-Invito-Drago-Sumnik-Luka-370x335.jpg"},"ostende-thumb-huge":{"width":1278,"height":700,"mime-type":"image\/jpeg","filesize":193099,"url":"https:\/\/kulturnidom.it\/wp\/wp-content\/uploads\/2026\/04\/Vabilo-Invito-Drago-Sumnik-Luka-1278x700.jpg"},"ostende-thumb-big":{"width":842,"height":474,"mime-type":"image\/jpeg","filesize":114718,"url":"https:\/\/kulturnidom.it\/wp\/wp-content\/uploads\/2026\/04\/Vabilo-Invito-Drago-Sumnik-Luka-842x474.jpg"},"ostende-thumb-med":{"width":406,"height":228,"mime-type":"image\/jpeg","filesize":46731,"url":"https:\/\/kulturnidom.it\/wp\/wp-content\/uploads\/2026\/04\/Vabilo-Invito-Drago-Sumnik-Luka-406x228.jpg"},"ostende-thumb-tiny":{"width":120,"height":120,"mime-type":"image\/jpeg","filesize":17665,"url":"https:\/\/kulturnidom.it\/wp\/wp-content\/uploads\/2026\/04\/Vabilo-Invito-Drago-Sumnik-Luka-120x120.jpg"},"ostende-thumb-masonry-big":{"width":812,"height":735,"mime-type":"image\/jpeg","filesize":159544,"url":"https:\/\/kulturnidom.it\/wp\/wp-content\/uploads\/2026\/04\/Vabilo-Invito-Drago-Sumnik-Luka-812x735.jpg"},"ostende-thumb-masonry":{"width":406,"height":367,"mime-type":"image\/jpeg","filesize":59890,"url":"https:\/\/kulturnidom.it\/wp\/wp-content\/uploads\/2026\/04\/Vabilo-Invito-Drago-Sumnik-Luka-406x367.jpg"},"ostende-thumb-extra-big":{"width":406,"height":467,"mime-type":"image\/jpeg","filesize":72016,"url":"https:\/\/kulturnidom.it\/wp\/wp-content\/uploads\/2026\/04\/Vabilo-Invito-Drago-Sumnik-Luka-406x467.jpg"},"ostende-thumb-extra-height":{"width":297,"height":400,"mime-type":"image\/jpeg","filesize":53843,"url":"https:\/\/kulturnidom.it\/wp\/wp-content\/uploads\/2026\/04\/Vabilo-Invito-Drago-Sumnik-Luka-297x400.jpg"},"trx_addons-thumb-small":{"width":270,"height":152,"mime-type":"image\/jpeg","filesize":28958,"url":"https:\/\/kulturnidom.it\/wp\/wp-content\/uploads\/2026\/04\/Vabilo-Invito-Drago-Sumnik-Luka-270x152.jpg"},"trx_addons-thumb-portrait":{"width":370,"height":493,"mime-type":"image\/jpeg","filesize":72141,"url":"https:\/\/kulturnidom.it\/wp\/wp-content\/uploads\/2026\/04\/Vabilo-Invito-Drago-Sumnik-Luka-370x493.jpg"},"trx_addons-thumb-avatar":{"width":370,"height":370,"mime-type":"image\/jpeg","filesize":59545,"url":"https:\/\/kulturnidom.it\/wp\/wp-content\/uploads\/2026\/04\/Vabilo-Invito-Drago-Sumnik-Luka-370x370.jpg"}}},"all_day":false,"start_date":"2026-04-29 18:00:00","start_date_details":{"year":"2026","month":"04","day":"29","hour":"18","minutes":"00","seconds":"00"},"end_date":"2026-04-29 19:00:00","end_date_details":{"year":"2026","month":"04","day":"29","hour":"19","minutes":"00","seconds":"00"},"utc_start_date":"2026-04-29 16:00:00","utc_start_date_details":{"year":"2026","month":"04","day":"29","hour":"16","minutes":"00","seconds":"00"},"utc_end_date":"2026-04-29 17:00:00","utc_end_date_details":{"year":"2026","month":"04","day":"29","hour":"17","minutes":"00","seconds":"00"},"timezone":"Europe\/Rome","timezone_abbr":"CEST","cost":"","cost_details":{"currency_symbol":"$","currency_code":"USD","currency_position":"prefix","values":[]},"website":"","show_map":true,"show_map_link":true,"hide_from_listings":false,"sticky":false,"featured":false,"categories":[{"name":"Mostre","slug":"mostre","term_group":0,"term_taxonomy_id":56,"taxonomy":"tribe_events_cat","description":"","parent":0,"count":35,"filter":"raw","id":56,"urls":{"self":"https:\/\/kulturnidom.it\/wp\/wp-json\/tribe\/events\/v1\/categories\/56","collection":"https:\/\/kulturnidom.it\/wp\/wp-json\/tribe\/events\/v1\/categories"}}],"tags":[],"venue":{"id":1937,"author":"990003","status":"publish","date":"2022-02-28 12:02:40","date_utc":"2022-02-28 11:02:40","modified":"2023-08-29 12:56:27","modified_utc":"2023-08-29 10:56:27","url":"https:\/\/kulturnidom.it\/wp\/prizorisce\/kulturni-dom\/","venue":"Kulturni dom","slug":"kulturni-dom","address":"ul. Brass 20","city":"Gorica","country":"Italy","state":"IL","zip":"34170","phone":"+39 0481 33288","website":"https:\/\/kulturnidom.it","json_ld":{"@type":"Place","name":"Kulturni dom","description":"","url":"","address":{"@type":"PostalAddress","streetAddress":"ul. Brass 20","addressLocality":"Gorica","postalCode":"34170","addressCountry":"Italy"},"telephone":"+39 0481 33288","sameAs":"https:\/\/kulturnidom.it"},"show_map":true,"show_map_link":true,"global_id":"kulturnidom.it\/wp?id=1937","global_id_lineage":["kulturnidom.it\/wp?id=1937"]},"organizer":[{"id":1969,"author":"990002","status":"publish","date":"2022-02-28 14:35:28","date_utc":"2022-02-28 13:35:28","modified":"2023-04-05 09:09:40","modified_utc":"2023-04-05 07:09:40","url":"https:\/\/kulturnidom.it\/wp\/organizator\/kulturni-dom-gorica\/","organizer":"Kulturni dom","slug":"kulturni-dom-gorica","phone":"+39 0481 33288","website":"https:\/\/www.kulturnidom.it","email":"info@kulturnidom.it","json_ld":{"@type":"Person","name":"Kulturni dom","description":"","url":"https:\/\/www.kulturnidom.it","telephone":"+39 0481 33288","email":"i&#110;fo&#64;&#107;&#117;&#108;t&#117;rn&#105;&#100;&#111;m.&#105;t","sameAs":"https:\/\/www.kulturnidom.it"},"global_id":"kulturnidom.it\/wp?id=1969","global_id_lineage":["kulturnidom.it\/wp?id=1969"]}],"json_ld":{"@context":"http:\/\/schema.org","@type":"Event","name":"V svetu petelinov (Nel mondo dei galli) &#8211; mostra","description":"&lt;p&gt;Mercoled\u00ec, 29aprile alle 18:00 L\u2019artista Drago \u0160umnik \u2013 Luka, ben noto soprattutto nella sua valle natale di \u0160ale\u0161ka ma anche pi\u00f9 ampiamente, crea in modo prolifico sin dal 1986. Il principio guida del suo lavoro&hellip;&lt;\/p&gt;\\n","image":"https:\/\/kulturnidom.it\/wp\/wp-content\/uploads\/2026\/04\/Vabilo-Invito-Drago-Sumnik-Luka.jpg","url":"https:\/\/kulturnidom.it\/wp\/evento\/v-svetu-petelinov-razstava\/?lang=it%2F\/","eventAttendanceMode":"https:\/\/schema.org\/OfflineEventAttendanceMode","eventStatus":"https:\/\/schema.org\/EventScheduled","startDate":"2026-04-29T18:00:00+02:00","endDate":"2026-04-29T19:00:00+02:00","location":{"@type":"Place","name":"Kulturni dom","description":"","url":"","address":{"@type":"PostalAddress","streetAddress":"ul. Brass 20","addressLocality":"Gorica","postalCode":"34170","addressCountry":"Italy"},"telephone":"+39 0481 33288","sameAs":"https:\/\/kulturnidom.it"},"organizer":{"@type":"Person","name":"Kulturni dom","description":"","url":"https:\/\/www.kulturnidom.it","telephone":"+39 0481 33288","email":"i&#110;&#102;o&#64;&#107;&#117;&#108;&#116;&#117;&#114;nid&#111;&#109;.&#105;&#116;","sameAs":"https:\/\/www.kulturnidom.it"},"performer":"Organization"}}